{"id":180,"date":"2022-01-21T14:47:09","date_gmt":"2022-01-21T13:47:09","guid":{"rendered":"https:\/\/educ-enjeux.fr\/?p=180"},"modified":"2022-03-04T15:42:46","modified_gmt":"2022-03-04T14:42:46","slug":"analyse-des-pratiques-et-des-postures-professionnelles","status":"publish","type":"post","link":"https:\/\/educ-enjeux.fr\/?p=180","title":{"rendered":"Analyse des pratiques et des postures professionnelles"},"content":{"rendered":"\n<p>Educ-Enjeux propose des analyses des pratiques et postures professionnelles avec des modalit\u00e9s souples et adaptables en fonction tant de la commande institutionnelle que des besoins et demandes des professionnels concern\u00e9s.<\/p>\n\n\n\n<h2 class=\"wp-block-heading\"><strong>Les principes de base<\/strong><\/h2>\n\n\n\n<p>Prise en compte de la situation particuli\u00e8re de chaque \u00e9tablissement, service, \u00e9quipe. Modalit\u00e9s de travail dynamiques et motivantes pour les participants. Alternance entre des temps d&rsquo;exploitation du mat\u00e9riau amen\u00e9 par les participants et des apports th\u00e9oriques, th\u00e9matiques, amen\u00e9s par l&rsquo;intervenant en fonction des demandes et besoins rep\u00e9r\u00e9s. Co-\u00e9laboration d&rsquo;outils, analyse et accompagnement dans la mise en \u0153uvre. Recherche de solutions de sortie de crise : sortir des m\u00e9canismes de r\u00e9troactions n\u00e9gatives.<\/p>\n\n\n\n<p>Association de tous les participants cadres et non cadres et articulation entre analyse des pratiques et formation.<\/p>\n\n\n\n<p><\/p>\n\n\n\n<h2 class=\"wp-block-heading\"><strong>Public concern\u00e9<\/strong><\/h2>\n\n\n\n<p>Tout ou partie des \u00e9quipes \u00e9ducatives, p\u00e9dagogiques, th\u00e9rapeutiques ou pluridisciplinaires ; tous champs d&rsquo;intervention confondus.<br><\/p>\n\n\n\n<h2 class=\"wp-block-heading\"><strong>Modalit\u00e9s organisationnelles<\/strong><\/h2>\n\n\n\n<p>A d\u00e9finir en fonction de la commande d&rsquo;intervention, des besoins rep\u00e9r\u00e9s et du contexte. Intervention sur site.<br><\/p>\n\n\n\n<h2 class=\"wp-block-heading\"><\/h2>\n","protected":false},"excerpt":{"rendered":"<p>Educ-Enjeux propose des analyses des pratiques et postures professionnelles avec des modalit\u00e9s souples et adaptables en fonction tant de la commande institutionnelle que des besoins et demandes des professionnels concern\u00e9s. Les principes de base Prise en compte\u2026<\/p>\n","protected":false},"author":2,"featured_media":478,"comment_status":"closed","ping_status":"","sticky":false,"template":"","format":"standard","meta":{"footnotes":""},"categories":[11],"tags":[],"class_list":["post-180","post","type-post","status-publish","format-standard","has-post-thumbnail","hentry","category-interventions"],"_links":{"self":[{"href":"https:\/\/educ-enjeux.fr\/index.php?rest_route=\/wp\/v2\/posts\/180","targetHints":{"allow":["GET"]}}],"collection":[{"href":"https:\/\/educ-enjeux.fr\/index.php?rest_route=\/wp\/v2\/posts"}],"about":[{"href":"https:\/\/educ-enjeux.fr\/index.php?rest_route=\/wp\/v2\/types\/post"}],"author":[{"embeddable":true,"href":"https:\/\/educ-enjeux.fr\/index.php?rest_route=\/wp\/v2\/users\/2"}],"replies":[{"embeddable":true,"href":"https:\/\/educ-enjeux.fr\/index.php?rest_route=%2Fwp%2Fv2%2Fcomments&post=180"}],"version-history":[{"count":4,"href":"https:\/\/educ-enjeux.fr\/index.php?rest_route=\/wp\/v2\/posts\/180\/revisions"}],"predecessor-version":[{"id":453,"href":"https:\/\/educ-enjeux.fr\/index.php?rest_route=\/wp\/v2\/posts\/180\/revisions\/453"}],"wp:featuredmedia":[{"embeddable":true,"href":"https:\/\/educ-enjeux.fr\/index.php?rest_route=\/wp\/v2\/media\/478"}],"wp:attachment":[{"href":"https:\/\/educ-enjeux.fr\/index.php?rest_route=%2Fwp%2Fv2%2Fmedia&parent=180"}],"wp:term":[{"taxonomy":"category","embeddable":true,"href":"https:\/\/educ-enjeux.fr\/index.php?rest_route=%2Fwp%2Fv2%2Fcategories&post=180"},{"taxonomy":"post_tag","embeddable":true,"href":"https:\/\/educ-enjeux.fr\/index.php?rest_route=%2Fwp%2Fv2%2Ftags&post=180"}],"curies":[{"name":"wp","href":"https:\/\/api.w.org\/{rel}","templated":true}]}}